{"id":63456,"date":"2025-07-09T12:39:46","date_gmt":"2025-07-09T16:39:46","guid":{"rendered":"https:\/\/www.simonssearchlight.org\/2025\/07\/09\/liderando-o-caminho-uma-entrevista-com-mathijs-van-unen\/"},"modified":"2025-08-15T12:55:37","modified_gmt":"2025-08-15T16:55:37","slug":"liderando-o-caminho-uma-entrevista-com-mathijs-van-unen","status":"publish","type":"post","link":"https:\/\/www.simonssearchlight.org\/pt-br\/2025\/07\/09\/liderando-o-caminho-uma-entrevista-com-mathijs-van-unen\/","title":{"rendered":"Liderando o caminho: Uma entrevista com Mathijs van Unen"},"content":{"rendered":"<h4 data-start=\"291\" data-end=\"396\">Em nossa s\u00e9rie &#8220;Leading the Way&#8221;, destacamos o trabalho inspirador de l\u00edderes de grupos de defesa de pacientes (PAG). Neste m\u00eas, apresentamos Mathijs van Unen, representante dos pacientes e fundador da MED13L Espa\u00f1a. Mathijs compartilha sua jornada na defesa das doen\u00e7as raras, suas percep\u00e7\u00f5es de lideran\u00e7a e o incr\u00edvel progresso alcan\u00e7ado pela comunidade de doen\u00e7as relacionadas ao MED13L.  <\/h4>\n<h3 data-start=\"291\" data-end=\"396\">1. Voc\u00ea pode nos contar um pouco sobre voc\u00ea, sua fam\u00edlia e como come\u00e7ou a trabalhar com o suporte ao paciente?<\/h3>\n<p data-start=\"398\" data-end=\"740\">Meu nome \u00e9 Mathijs van Unen. Minha esposa e eu somos pais de uma menina maravilhosa que foi diagnosticada com MED13L pouco antes de seu segundo anivers\u00e1rio. Eu trabalho como gerente de vendas, o que me levou a viajar pelo mundo e me exp\u00f4s a muitas experi\u00eancias novas. Mas quando recebemos o diagn\u00f3stico gen\u00e9tico de nossa filha, a MED13L era completamente desconhecida para mim.   <\/p>\n<p data-start=\"398\" data-end=\"740\"><img loading=\"lazy\" decoding=\"async\" class=\"wp-image-63390 alignright\" src=\"https:\/\/cdn.simonssearchlight.org\/wp-content\/uploads\/2025\/06\/09081910\/20240821_120859-768x1024.jpg\" alt=\"\" width=\"303\" height=\"404\" srcset=\"https:\/\/cdn.simonssearchlight.org\/wp-content\/uploads\/2025\/06\/09081910\/20240821_120859-768x1024.jpg 768w, https:\/\/cdn.simonssearchlight.org\/wp-content\/uploads\/2025\/06\/09081910\/20240821_120859-225x300.jpg 225w, https:\/\/cdn.simonssearchlight.org\/wp-content\/uploads\/2025\/06\/09081910\/20240821_120859-1152x1536.jpg 1152w, https:\/\/cdn.simonssearchlight.org\/wp-content\/uploads\/2025\/06\/09081910\/20240821_120859-1536x2048.jpg 1536w, https:\/\/cdn.simonssearchlight.org\/wp-content\/uploads\/2025\/06\/09081910\/20240821_120859-scaled.jpg 1920w\" sizes=\"(max-width: 303px) 100vw, 303px\" \/><\/p>\n<p data-start=\"742\" data-end=\"1122\"><strong>Minha jornada na advocacia come\u00e7ou por necessidade.<\/strong>  Na Espanha, onde moramos, n\u00e3o havia quase nenhuma informa\u00e7\u00e3o ou apoio para as fam\u00edlias afetadas pela MED13L. Felizmente, encontramos a Funda\u00e7\u00e3o MED13L e nos conectamos com algumas outras fam\u00edlias espanholas pelo WhatsApp. Pouco tempo depois, minha empresa se ofereceu para apoiar nossos esfor\u00e7os, financiando um site para aumentar a conscientiza\u00e7\u00e3o sobre a MED13L na Espanha.  <\/p>\n<p data-start=\"1124\" data-end=\"1430\">Foi ent\u00e3o que decidimos iniciar um grupo de defesa formal. Come\u00e7amos com 14 fam\u00edlias e, desde ent\u00e3o, aumentamos para 20 &#8211; e acreditamos que h\u00e1 muito mais por a\u00ed. O site do nosso grupo<a class=\"\" href=\"http:\/\/www.med13l.es\" target=\"_blank\" rel=\"noopener\" data-start=\"1303\" data-end=\"1316\">(www.med13l.es)<\/a> ser\u00e1 lan\u00e7ado em breve e servir\u00e1 como um centro para as fam\u00edlias espanholas que buscam informa\u00e7\u00f5es, conex\u00e3o e apoio.  <\/p>\n<p data-start=\"1432\" data-end=\"1627\">Nossa miss\u00e3o \u00e9 aumentar a conscientiza\u00e7\u00e3o, pressionar por um melhor apoio do governo espanhol e colaborar com outros grupos de defesa em todo o mundo para avan\u00e7ar na pesquisa e trabalhar para tratamentos futuros.<\/p>\n<h3 data-start=\"1629\" data-end=\"1712\">2. Como foi a sua experi\u00eancia ao receber o diagn\u00f3stico da doen\u00e7a rara do seu filho?<\/h3>\n<p data-start=\"1714\" data-end=\"2053\">Cerca de um m\u00eas antes do nascimento de nossa filha Emma, um exame de gravidez de rotina levantou algumas preocupa\u00e7\u00f5es, mas os testes n\u00e3o encontraram nada conclusivo. Quando ela tinha cinco meses de idade, percebemos que algo n\u00e3o estava certo. Seus m\u00fasculos estavam muito r\u00edgidos, ela n\u00e3o conseguia se virar sozinha e era dif\u00edcil vesti-la porque suas articula\u00e7\u00f5es n\u00e3o se dobravam facilmente.  <\/p>\n<p data-start=\"2055\" data-end=\"2288\">Apesar de nossas preocupa\u00e7\u00f5es, v\u00e1rios pediatras nos disseram para n\u00e3o nos preocuparmos. Mas insistimos em pedir outra opini\u00e3o. Um pediatra deu uma olhada em Emma e imediatamente a encaminhou para um neurologista pedi\u00e1trico. Ficou claro que algo estava acontecendo.   <\/p>\n<p data-start=\"2290\" data-end=\"2606\">N\u00e3o me lembro do nome do diagn\u00f3stico inicial, mas nos disseram que Emma talvez nunca mais falasse, andasse, comesse ou se movesse de forma independente. Ap\u00f3s o choque inicial, iniciamos as terapias e, aos poucos, as coisas come\u00e7aram a melhorar. Ela come\u00e7ou a abrir as m\u00e3os, a dobrar os cotovelos e os joelhos com mais facilidade e a progredir.  <\/p>\n<p data-start=\"2608\" data-end=\"2854\"><img loading=\"lazy\" decoding=\"async\" class=\"aligncenter wp-image-63383 size-large\" src=\"https:\/\/cdn.simonssearchlight.org\/wp-content\/uploads\/2025\/06\/09081857\/20240822_114030-768x1024.jpg\" alt=\"\" width=\"768\" height=\"1024\" srcset=\"https:\/\/cdn.simonssearchlight.org\/wp-content\/uploads\/2025\/06\/09081857\/20240822_114030-768x1024.jpg 768w, https:\/\/cdn.simonssearchlight.org\/wp-content\/uploads\/2025\/06\/09081857\/20240822_114030-225x300.jpg 225w, https:\/\/cdn.simonssearchlight.org\/wp-content\/uploads\/2025\/06\/09081857\/20240822_114030-1152x1536.jpg 1152w, https:\/\/cdn.simonssearchlight.org\/wp-content\/uploads\/2025\/06\/09081857\/20240822_114030-1536x2048.jpg 1536w, https:\/\/cdn.simonssearchlight.org\/wp-content\/uploads\/2025\/06\/09081857\/20240822_114030-scaled.jpg 1920w\" sizes=\"(max-width: 768px) 100vw, 768px\" \/><\/p>\n<p data-start=\"2608\" data-end=\"2854\">Foi ent\u00e3o que fomos encaminhados para o teste gen\u00e9tico, que chegou no in\u00edcio de 2023. Disseram-nos: &#8220;A filha de voc\u00eas tem MED13L. \u00c9 um dist\u00farbio gen\u00e9tico raro e n\u00e3o degenerativo. Existem apenas cerca de 80 casos conhecidos em todo o mundo, e n\u00e3o sabemos muito mais&#8221;. <\/p>\n<p data-start=\"2856\" data-end=\"3353\">Foi dif\u00edcil processar isso, especialmente com t\u00e3o pouca informa\u00e7\u00e3o ou orienta\u00e7\u00e3o. Felizmente, mais tarde soubemos que havia mais fam\u00edlias do que nos haviam dito e que havia grupos de defesa ativos em outros pa\u00edses. O contato com eles nos ajudou a nos sentirmos menos sozinhos e nos deu um caminho a seguir.   Desde ent\u00e3o, nossa jornada tem sido de aprendizado cont\u00ednuo, consultas e terapias &#8211; algumas bem-sucedidas, outras n\u00e3o. Mas continuamos focados em nosso objetivo: ajudar Emma a se tornar uma jovem independente. <\/p>\n<h3 data-start=\"3355\" data-end=\"3435\">3. O que inspirou voc\u00ea a assumir um papel de lideran\u00e7a na funda\u00e7\u00e3o da MED13L Espa\u00f1a?<\/h3>\n<p data-start=\"3437\" data-end=\"3717\">Tudo come\u00e7ou com a ideia do meu empregador de criar um site e compartilhar informa\u00e7\u00f5es em espanhol. J\u00e1 est\u00e1vamos deixando materiais \u00fateis da <span class=\"notranslate\">Simons Searchlight<\/span> e da MED13L Foundation nos centros de terapia da nossa filha, esperando que eles pudessem ajudar outras fam\u00edlias no futuro. <\/p>\n<p data-start=\"3437\" data-end=\"3717\"><img loading=\"lazy\" decoding=\"async\" class=\"alignleft wp-image-63404 size-medium\" src=\"https:\/\/cdn.simonssearchlight.org\/wp-content\/uploads\/2025\/06\/09081918\/20240512_184835-rotated-e1752078855478-300x291.jpg\" alt=\"\" width=\"300\" height=\"291\" srcset=\"https:\/\/cdn.simonssearchlight.org\/wp-content\/uploads\/2025\/06\/09081918\/20240512_184835-rotated-e1752078855478-300x291.jpg 300w, https:\/\/cdn.simonssearchlight.org\/wp-content\/uploads\/2025\/06\/09081918\/20240512_184835-rotated-e1752078855478-1024x992.jpg 1024w, https:\/\/cdn.simonssearchlight.org\/wp-content\/uploads\/2025\/06\/09081918\/20240512_184835-rotated-e1752078855478-768x744.jpg 768w, https:\/\/cdn.simonssearchlight.org\/wp-content\/uploads\/2025\/06\/09081918\/20240512_184835-rotated-e1752078855478.jpg 1500w\" sizes=\"(max-width: 300px) 100vw, 300px\" \/><\/p>\n<p data-start=\"3437\" data-end=\"3717\">Quando surgiu a ideia de um site, n\u00f3s a compartilhamos com o grupo do WhatsApp, o que deu in\u00edcio a uma iniciativa nacional de defesa de direitos. As 14 fam\u00edlias fundadoras se uniram com o compromisso compartilhado de facilitar a jornada do diagn\u00f3stico para outras pessoas e melhorar o futuro de nossos filhos. <\/p>\n<p data-start=\"3355\" data-end=\"3435\">Juntos, aumentamos nosso alcance, levantamos fundos, envolvemos pesquisadores espanh\u00f3is e organizamos nossa primeira reuni\u00e3o nacional de fam\u00edlias &#8211; e muito mais est\u00e1 por vir.<\/p>\n<h3 data-start=\"4158\" data-end=\"4246\">4. Qual \u00e9 um momento ou uma conquista memor\u00e1vel que se destaca em seu trabalho de advocacy?<\/h3>\n<p data-start=\"4248\" data-end=\"4493\">Dois momentos recentes v\u00eam \u00e0 mente. Primeiro, no Dia Internacional do MED13L, colaboramos com escolas e governos locais para aumentar a conscientiza\u00e7\u00e3o. Alguns iluminaram seus pr\u00e9dios de laranja e compartilharam publica\u00e7\u00f5es nas m\u00eddias sociais para ajudar as pessoas a conhecerem o MED13L.  <\/p>\n<p data-start=\"4248\" data-end=\"4493\">A segunda &#8211; e talvez a mais significativa &#8211; foi nossa primeira reuni\u00e3o nacional de fam\u00edlias. Reunimos fam\u00edlias espanholas do MED13L, m\u00e9dicos, terapeutas e pesquisadores, incluindo o Dr. Bellusci, nosso l\u00edder nacional de pesquisa. Tamb\u00e9m recebemos representantes da <span class=\"notranslate\">Simons Searchlight<\/span>, da Funda\u00e7\u00e3o MED13L e do grupo franc\u00eas MED13L. Foi um grande marco para nossa comunidade, e sou extremamente grato \u00e0 nossa equipe por ter feito isso acontecer.   <\/p>\n<h3 data-start=\"4924\" data-end=\"5011\">5. Que desafios voc\u00ea enfrentou em seu trabalho de advocacy e o que aprendeu?<\/h3>\n<p data-start=\"5013\" data-end=\"5182\">O maior desafio \u00e9 que o MED13L n\u00e3o \u00e9 amplamente conhecido, mesmo entre os m\u00e9dicos. A maioria das pessoas nunca ouviu falar dele, portanto, toda conversa parece come\u00e7ar do zero. <\/p>\n<p data-start=\"4158\" data-end=\"4246\"><img loading=\"lazy\" decoding=\"async\" class=\"wp-image-63369 alignright\" src=\"https:\/\/cdn.simonssearchlight.org\/wp-content\/uploads\/2025\/06\/09081831\/Celeste.png\" alt=\"\" width=\"243\" height=\"240\">Para resolver isso, criamos um folheto educativo, investimos em divulga\u00e7\u00e3o nas m\u00eddias sociais e estabelecemos conex\u00f5es com pesquisadores e outros grupos de defesa. Apoiamos qualquer pessoa que demonstre interesse e ajudamos a conect\u00e1-la com outras pessoas que possam fornecer orienta\u00e7\u00e3o. <\/p>\n<p data-start=\"5433\" data-end=\"5532\"><strong>A maior li\u00e7\u00e3o? A advocacia exige tempo e persist\u00eancia. Mas se voc\u00ea continuar, o progresso vir\u00e1.  <\/strong><\/p>\n<h3 data-start=\"5534\" data-end=\"5635\">6. Quais recursos ou ferramentas mais o ajudaram &#8211; e o que voc\u00ea recomendaria a outras fam\u00edlias?<\/h3>\n<p data-start=\"5637\" data-end=\"5906\">Fizemos um esfor\u00e7o consciente para n\u00e3o reinventar a roda. Em vez disso, contamos com os recursos da Funda\u00e7\u00e3o MED13L, da <span class=\"notranslate\">Simons Searchlight<\/span> e de outros grupos de defesa na Fran\u00e7a, na Alemanha e no Reino Unido. Estamos em contato regular com eles e nos apoiamos mutuamente sempre que poss\u00edvel.  <\/p>\n<p data-start=\"5908\" data-end=\"6184\">Como pais, tamb\u00e9m achamos que recursos visuais e f\u00e1ceis de entender funcionam melhor ao explicar a condi\u00e7\u00e3o a outras pessoas. Um desafio que enfrentamos na Espanha \u00e9 que muitos terapeutas n\u00e3o s\u00e3o fluentes em ingl\u00eas, portanto, ter mais recursos traduzidos para o espanhol seria extremamente \u00fatil. <\/p>\n<h3 data-start=\"6186\" data-end=\"6253\">7. Como a <span class=\"notranslate\">Simons Searchlight<\/span> tem apoiado voc\u00ea e sua comunidade?<\/h3>\n<p data-start=\"6255\" data-end=\"6524\">A <span class=\"notranslate\">Simons Searchlight<\/span> foi o primeiro recurso que encontramos ap\u00f3s o diagn\u00f3stico da Emma. Os relat\u00f3rios que voc\u00eas publicam nos ajudam a entender o que esperar \u00e0 medida que nossos filhos crescem e quais terapias priorizar. Tem sido uma ferramenta inestim\u00e1vel tanto para nossa fam\u00edlia quanto para a comunidade em geral.  <\/p>\n<h3 data-start=\"6186\" data-end=\"6253\"><img loading=\"lazy\" decoding=\"async\" class=\"wp-image-63411 alignleft\" src=\"https:\/\/cdn.simonssearchlight.org\/wp-content\/uploads\/2025\/06\/09081931\/20240331_211414-768x1024.jpg\" alt=\"\" width=\"465\" height=\"620\" srcset=\"https:\/\/cdn.simonssearchlight.org\/wp-content\/uploads\/2025\/06\/09081931\/20240331_211414-768x1024.jpg 768w, https:\/\/cdn.simonssearchlight.org\/wp-content\/uploads\/2025\/06\/09081931\/20240331_211414-225x300.jpg 225w, https:\/\/cdn.simonssearchlight.org\/wp-content\/uploads\/2025\/06\/09081931\/20240331_211414-1152x1536.jpg 1152w, https:\/\/cdn.simonssearchlight.org\/wp-content\/uploads\/2025\/06\/09081931\/20240331_211414-1536x2048.jpg 1536w, https:\/\/cdn.simonssearchlight.org\/wp-content\/uploads\/2025\/06\/09081931\/20240331_211414-scaled.jpg 1920w\" sizes=\"(max-width: 465px) 100vw, 465px\" \/><\/h3>\n<h3 data-start=\"6526\" data-end=\"6583\">8. O que mant\u00e9m voc\u00ea motivado como pai ou m\u00e3e e defensor?<\/h3>\n<p data-start=\"6585\" data-end=\"6696\"><strong>Pessoalmente, meu mantra \u00e9: &#8220;Aproveite o melhor de cada dia&#8221;. Cada dia traz novas oportunidades para voc\u00ea fazer a diferen\u00e7a <\/strong>.<\/p>\n<p data-start=\"6698\" data-end=\"6907\">Como grupo, uma mensagem que ressoa em n\u00f3s vem de uma organiza\u00e7\u00e3o espanhola de doen\u00e7as raras:<br data-start=\"6792\" data-end=\"6795\">&#8220;Nossas fam\u00edlias tiveram que ir para as montanhas em vez da praia, mas as montanhas podem ser ainda mais bonitas.&#8221;<\/p>\n<p data-start=\"6909\" data-end=\"7042\">Isso mostra como nos sentimos. Comemoramos cada marco, por menor que seja, porque nada \u00e9 dado como certo em nossa comunidade. <\/p>\n<h3 data-start=\"7044\" data-end=\"7132\">9. H\u00e1 mais alguma coisa que voc\u00ea gostaria de compartilhar com a comunidade do <span class=\"notranslate\">Simons Searchlight<\/span>?<\/h3>\n<p data-start=\"7134\" data-end=\"7308\">De todos n\u00f3s da MED13L Espa\u00f1a, enviamos nossos mais calorosos votos a todas as fam\u00edlias com doen\u00e7as raras. Continuem olhando para frente, orgulhem-se do caminho que voc\u00eas percorreram e nunca parem de seguir em frente! <\/p>\n<p data-start=\"7134\" data-end=\"7308\"><em><strong>Saiba mais sobre o <a href=\"http:\/\/www.med13l.es\" target=\"_blank\" rel=\"noopener\">MED13L Espa\u00f1a<\/a>.<\/strong><\/em><\/p>\n","protected":false},"excerpt":{"rendered":"<p>Conhe\u00e7a Mathijs, defensor e cofundador da MED13L Espa\u00f1a.<\/p>\n","protected":false},"author":18,"featured_media":63423,"comment_status":"closed","ping_status":"closed","sticky":false,"template":"","format":"standard","meta":{"_acf_changed":false,"_relevanssi_hide_post":"","_relevanssi_hide_content":"","_relevanssi_pin_for_all":"","_relevanssi_pin_keywords":"","_relevanssi_unpin_keywords":"","_relevanssi_related_keywords":"","_relevanssi_related_include_ids":"","_relevanssi_related_exclude_ids":"","_relevanssi_related_no_append":"","_relevanssi_related_not_related":"","_relevanssi_related_posts":"","_relevanssi_noindex_reason":"","footnotes":""},"categories":[306,633],"tags":[],"acf":[],"_links":{"self":[{"href":"https:\/\/www.simonssearchlight.org\/pt-br\/wp-json\/wp\/v2\/posts\/63456"}],"collection":[{"href":"https:\/\/www.simonssearchlight.org\/pt-br\/wp-json\/wp\/v2\/posts"}],"about":[{"href":"https:\/\/www.simonssearchlight.org\/pt-br\/wp-json\/wp\/v2\/types\/post"}],"author":[{"embeddable":true,"href":"https:\/\/www.simonssearchlight.org\/pt-br\/wp-json\/wp\/v2\/users\/18"}],"replies":[{"embeddable":true,"href":"https:\/\/www.simonssearchlight.org\/pt-br\/wp-json\/wp\/v2\/comments?post=63456"}],"version-history":[{"count":4,"href":"https:\/\/www.simonssearchlight.org\/pt-br\/wp-json\/wp\/v2\/posts\/63456\/revisions"}],"predecessor-version":[{"id":64704,"href":"https:\/\/www.simonssearchlight.org\/pt-br\/wp-json\/wp\/v2\/posts\/63456\/revisions\/64704"}],"wp:featuredmedia":[{"embeddable":true,"href":"https:\/\/www.simonssearchlight.org\/pt-br\/wp-json\/wp\/v2\/media\/63423"}],"wp:attachment":[{"href":"https:\/\/www.simonssearchlight.org\/pt-br\/wp-json\/wp\/v2\/media?parent=63456"}],"wp:term":[{"taxonomy":"category","embeddable":true,"href":"https:\/\/www.simonssearchlight.org\/pt-br\/wp-json\/wp\/v2\/categories?post=63456"},{"taxonomy":"post_tag","embeddable":true,"href":"https:\/\/www.simonssearchlight.org\/pt-br\/wp-json\/wp\/v2\/tags?post=63456"}],"curies":[{"name":"wp","href":"https:\/\/api.w.org\/{rel}","templated":true}]}}