{"id":63457,"date":"2025-07-09T12:39:46","date_gmt":"2025-07-09T16:39:46","guid":{"rendered":"https:\/\/www.simonssearchlight.org\/2025\/07\/09\/guidare-la-strada-intervista-a-mathijs-van-unen\/"},"modified":"2025-08-15T12:55:38","modified_gmt":"2025-08-15T16:55:38","slug":"guidare-la-strada-intervista-a-mathijs-van-unen","status":"publish","type":"post","link":"https:\/\/www.simonssearchlight.org\/it\/2025\/07\/09\/guidare-la-strada-intervista-a-mathijs-van-unen\/","title":{"rendered":"Guidare la strada: Intervista a Mathijs van Unen"},"content":{"rendered":"<h4 data-start=\"291\" data-end=\"396\">Nella nostra serie &#8220;Leading the Way&#8221;, mettiamo in evidenza il lavoro stimolante dei leader dei gruppi di difesa dei pazienti (PAG). Questo mese, abbiamo invitato Mathijs van Unen, avvocato dei pazienti e fondatore di MED13L Espa\u00f1a. Mathijs condivide il suo viaggio nella difesa delle malattie rare, le sue intuizioni sulla leadership e gli incredibili progressi compiuti dalla comunit\u00e0 dei disturbi legati alla MED13L.  <\/h4>\n<h3 data-start=\"291\" data-end=\"396\">1. Puoi parlarci un po&#8217; di te, della tua famiglia e di come hai iniziato a fare advocacy per i pazienti?<\/h3>\n<p data-start=\"398\" data-end=\"740\">Mi chiamo Mathijs van Unen. Io e mia moglie siamo genitori di una meravigliosa bambina a cui \u00e8 stata diagnosticata la MED13L poco prima del suo secondo compleanno. Lavoro come responsabile delle vendite, un&#8217;attivit\u00e0 che mi ha portato in giro per il mondo e mi ha esposto a molte nuove esperienze. Ma quando abbiamo ricevuto la diagnosi genetica di nostra figlia, la MED13L mi era del tutto sconosciuta.   <\/p>\n<p data-start=\"398\" data-end=\"740\"><img loading=\"lazy\" decoding=\"async\" class=\"wp-image-63390 alignright\" src=\"https:\/\/cdn.simonssearchlight.org\/wp-content\/uploads\/2025\/06\/09081910\/20240821_120859-768x1024.jpg\" alt=\"\" width=\"303\" height=\"404\" srcset=\"https:\/\/cdn.simonssearchlight.org\/wp-content\/uploads\/2025\/06\/09081910\/20240821_120859-768x1024.jpg 768w, https:\/\/cdn.simonssearchlight.org\/wp-content\/uploads\/2025\/06\/09081910\/20240821_120859-225x300.jpg 225w, https:\/\/cdn.simonssearchlight.org\/wp-content\/uploads\/2025\/06\/09081910\/20240821_120859-1152x1536.jpg 1152w, https:\/\/cdn.simonssearchlight.org\/wp-content\/uploads\/2025\/06\/09081910\/20240821_120859-1536x2048.jpg 1536w, https:\/\/cdn.simonssearchlight.org\/wp-content\/uploads\/2025\/06\/09081910\/20240821_120859-scaled.jpg 1920w\" sizes=\"(max-width: 303px) 100vw, 303px\" \/><\/p>\n<p data-start=\"742\" data-end=\"1122\"><strong>Il mio viaggio nell&#8217;advocacy \u00e8 iniziato per necessit\u00e0.<\/strong>  In Spagna, dove viviamo, non c&#8217;era quasi nessuna informazione o supporto per le famiglie colpite dalla MED13L. Fortunatamente abbiamo trovato la Fondazione MED13L e siamo entrati in contatto con altre famiglie spagnole tramite WhatsApp. Non molto tempo dopo, la mia azienda si \u00e8 offerta di sostenere i nostri sforzi finanziando un sito web per aumentare la consapevolezza sulla MED13L in Spagna.  <\/p>\n<p data-start=\"1124\" data-end=\"1430\">A quel punto abbiamo deciso di fondare un gruppo di difesa formale. Abbiamo iniziato con 14 famiglie e da allora siamo cresciuti fino a 20 &#8211; e crediamo che ce ne siano molte altre. Il sito web del nostro gruppo<a class=\"\" href=\"http:\/\/www.med13l.es\" target=\"_blank\" rel=\"noopener\" data-start=\"1303\" data-end=\"1316\">(www.med13l.es)<\/a> verr\u00e0 lanciato a breve e servir\u00e0 come punto di riferimento per le famiglie spagnole in cerca di informazioni, contatti e supporto.  <\/p>\n<p data-start=\"1432\" data-end=\"1627\">La nostra missione \u00e8 quella di sensibilizzare l&#8217;opinione pubblica, spingere per un migliore sostegno da parte del governo spagnolo e collaborare con altri gruppi di difesa in tutto il mondo per far progredire la ricerca e lavorare per trattamenti futuri.<\/p>\n<h3 data-start=\"1629\" data-end=\"1712\">2. Qual \u00e8 stata la tua esperienza nel ricevere la diagnosi della malattia rara di tuo figlio?<\/h3>\n<p data-start=\"1714\" data-end=\"2053\">Circa un mese prima della nascita di nostra figlia Emma, un controllo di routine della gravidanza ha sollevato alcune preoccupazioni, ma i test non hanno rilevato nulla di definitivo. Quando aveva cinque mesi, ci siamo resi conto che qualcosa non andava. I suoi muscoli erano molto rigidi, non riusciva a girarsi e vestirla era difficile perch\u00e9 le sue articolazioni non si piegavano facilmente.  <\/p>\n<p data-start=\"2055\" data-end=\"2288\">Nonostante le nostre preoccupazioni, diversi pediatri ci hanno detto di non preoccuparci. Ma abbiamo insistito per avere un altro parere. Un pediatra ha dato un&#8217;occhiata a Emma e l&#8217;ha subito mandata da un neurologo pediatrico. Era chiaro che c&#8217;era qualcosa che non andava.   <\/p>\n<p data-start=\"2290\" data-end=\"2606\">Non ricordo il nome della diagnosi iniziale, ma ci dissero che Emma non avrebbe mai parlato, camminato, mangiato o si sarebbe mossa autonomamente. Dopo lo shock iniziale, abbiamo iniziato le terapie e, a poco a poco, le cose hanno iniziato a migliorare. Ha iniziato ad aprire le mani, a piegare i gomiti e le ginocchia con pi\u00f9 facilit\u00e0 e a fare progressi.  <\/p>\n<p data-start=\"2608\" data-end=\"2854\"><img loading=\"lazy\" decoding=\"async\" class=\"aligncenter wp-image-63383 size-large\" src=\"https:\/\/cdn.simonssearchlight.org\/wp-content\/uploads\/2025\/06\/09081857\/20240822_114030-768x1024.jpg\" alt=\"\" width=\"768\" height=\"1024\" srcset=\"https:\/\/cdn.simonssearchlight.org\/wp-content\/uploads\/2025\/06\/09081857\/20240822_114030-768x1024.jpg 768w, https:\/\/cdn.simonssearchlight.org\/wp-content\/uploads\/2025\/06\/09081857\/20240822_114030-225x300.jpg 225w, https:\/\/cdn.simonssearchlight.org\/wp-content\/uploads\/2025\/06\/09081857\/20240822_114030-1152x1536.jpg 1152w, https:\/\/cdn.simonssearchlight.org\/wp-content\/uploads\/2025\/06\/09081857\/20240822_114030-1536x2048.jpg 1536w, https:\/\/cdn.simonssearchlight.org\/wp-content\/uploads\/2025\/06\/09081857\/20240822_114030-scaled.jpg 1920w\" sizes=\"(max-width: 768px) 100vw, 768px\" \/><\/p>\n<p data-start=\"2608\" data-end=\"2854\">A quel punto siamo stati indirizzati per un test genetico, che \u00e8 stato effettuato all&#8217;inizio del 2023. Ci \u00e8 stato detto: &#8220;Vostra figlia ha la MED13L. \u00c8 una malattia genetica rara e non degenerativa. Ci sono solo circa 80 casi conosciuti in tutto il mondo e non ne sappiamo molto di pi\u00f9&#8221;. <\/p>\n<p data-start=\"2856\" data-end=\"3353\">\u00c8 stato difficile da elaborare, soprattutto con cos\u00ec poche informazioni e indicazioni. Fortunatamente, in seguito abbiamo scoperto che c&#8217;erano pi\u00f9 famiglie di quanto ci fosse stato detto e che esistevano gruppi di difesa attivi in altri Paesi. Entrare in contatto con loro ci ha aiutato a sentirci meno soli e ci ha dato una strada da seguire.   Da allora, il nostro viaggio \u00e8 stato un continuo apprendimento, appuntamenti e terapie &#8211; alcune di successo, altre no. Ma siamo sempre concentrati sul nostro obiettivo: aiutare Emma a diventare una giovane donna indipendente. <\/p>\n<h3 data-start=\"3355\" data-end=\"3435\">3. Cosa ti ha ispirato ad assumere un ruolo di leadership nella fondazione di MED13L Espa\u00f1a?<\/h3>\n<p data-start=\"3437\" data-end=\"3717\">Tutto \u00e8 iniziato con l&#8217;idea del mio datore di lavoro di creare un sito web e condividere informazioni in spagnolo. Avevamo gi\u00e0 lasciato del materiale utile di <span class=\"notranslate\">Simons Searchlight<\/span> e della Fondazione MED13L presso i centri di terapia di nostra figlia, sperando che potessero aiutare altre famiglie in futuro. <\/p>\n<p data-start=\"3437\" data-end=\"3717\"><img loading=\"lazy\" decoding=\"async\" class=\"alignleft wp-image-63404 size-medium\" src=\"https:\/\/cdn.simonssearchlight.org\/wp-content\/uploads\/2025\/06\/09081918\/20240512_184835-rotated-e1752078855478-300x291.jpg\" alt=\"\" width=\"300\" height=\"291\" srcset=\"https:\/\/cdn.simonssearchlight.org\/wp-content\/uploads\/2025\/06\/09081918\/20240512_184835-rotated-e1752078855478-300x291.jpg 300w, https:\/\/cdn.simonssearchlight.org\/wp-content\/uploads\/2025\/06\/09081918\/20240512_184835-rotated-e1752078855478-1024x992.jpg 1024w, https:\/\/cdn.simonssearchlight.org\/wp-content\/uploads\/2025\/06\/09081918\/20240512_184835-rotated-e1752078855478-768x744.jpg 768w, https:\/\/cdn.simonssearchlight.org\/wp-content\/uploads\/2025\/06\/09081918\/20240512_184835-rotated-e1752078855478.jpg 1500w\" sizes=\"(max-width: 300px) 100vw, 300px\" \/><\/p>\n<p data-start=\"3437\" data-end=\"3717\">Quando \u00e8 nata l&#8217;idea di un sito web, l&#8217;abbiamo condivisa con il gruppo WhatsApp e questo ha dato il via a un&#8217;azione di advocacy nazionale. Le 14 famiglie fondatrici si sono riunite con l&#8217;impegno comune di rendere il percorso di diagnosi pi\u00f9 facile per gli altri e di migliorare il futuro dei nostri figli. <\/p>\n<p data-start=\"3355\" data-end=\"3435\">Insieme, abbiamo ampliato il nostro raggio d&#8217;azione, raccolto fondi, coinvolto ricercatori spagnoli e ospitato il nostro primo incontro nazionale con le famiglie &#8211; e molto altro ancora.<\/p>\n<h3 data-start=\"4158\" data-end=\"4246\">4. Qual \u00e8 un momento o un risultato memorabile che spicca nel tuo lavoro di advocacy?<\/h3>\n<p data-start=\"4248\" data-end=\"4493\">Mi vengono in mente due momenti recenti. In primo luogo, in occasione della Giornata Internazionale MED13L, abbiamo collaborato con scuole e amministrazioni locali per sensibilizzare l&#8217;opinione pubblica. Alcune hanno illuminato i loro edifici di arancione e hanno condiviso post sui social media per aiutare le persone a conoscere MED13L.  <\/p>\n<p data-start=\"4248\" data-end=\"4493\">Il secondo, e forse pi\u00f9 significativo, \u00e8 stato il nostro primo incontro nazionale con le famiglie. Abbiamo riunito famiglie MED13L spagnole, medici, terapisti e ricercatori, tra cui il Dr. Bellusci, il nostro responsabile nazionale della ricerca. Abbiamo anche accolto i rappresentanti di <span class=\"notranslate\">Simons Searchlight<\/span>, della Fondazione MED13L e del gruppo francese MED13L. \u00c8 stata una pietra miliare per la nostra comunit\u00e0 e sono incredibilmente grato al nostro team per averla resa possibile.   <\/p>\n<h3 data-start=\"4924\" data-end=\"5011\">5. Quali sfide hai affrontato nel tuo lavoro di advocacy e cosa hai imparato?<\/h3>\n<p data-start=\"5013\" data-end=\"5182\">La sfida pi\u00f9 grande \u00e8 che MED13L non \u00e8 molto conosciuto, nemmeno tra i medici. La maggior parte delle persone non ne ha mai sentito parlare, quindi ogni conversazione \u00e8 come se partisse da zero. <\/p>\n<p data-start=\"4158\" data-end=\"4246\"><img loading=\"lazy\" decoding=\"async\" class=\"wp-image-63369 alignright\" src=\"https:\/\/cdn.simonssearchlight.org\/wp-content\/uploads\/2025\/06\/09081831\/Celeste.png\" alt=\"\" width=\"243\" height=\"240\">Per far fronte a questo problema, abbiamo creato un volantino educativo, investito in attivit\u00e0 di sensibilizzazione sui social media e creato connessioni con ricercatori e altri gruppi di difesa. Sosteniamo chiunque mostri interesse e lo aiutiamo a connettersi con altri che possono fornirgli indicazioni. <\/p>\n<p data-start=\"5433\" data-end=\"5532\"><strong>La lezione pi\u00f9 importante? L&#8217;advocacy richiede tempo e perseveranza. Ma se continui ad andare avanti, i progressi arriveranno.  <\/strong><\/p>\n<h3 data-start=\"5534\" data-end=\"5635\">6. Quali risorse o strumenti ti hanno aiutato di pi\u00f9 e quali consiglieresti ad altre famiglie?<\/h3>\n<p data-start=\"5637\" data-end=\"5906\">Abbiamo fatto uno sforzo consapevole per non reinventare la ruota. Ci affidiamo invece alle risorse della Fondazione MED13L, di <span class=\"notranslate\">Simons Searchlight<\/span> e di altri gruppi di difesa in Francia, Germania e Regno Unito. Siamo regolarmente in contatto con loro e ci sosteniamo a vicenda ogni volta che \u00e8 possibile.  <\/p>\n<p data-start=\"5908\" data-end=\"6184\">Come genitori, riteniamo che le risorse visive e di facile comprensione siano le migliori per spiegare la condizione agli altri. Una sfida che dobbiamo affrontare in Spagna \u00e8 che molti terapisti non parlano correntemente l&#8217;inglese, quindi avere pi\u00f9 risorse tradotte in spagnolo sarebbe incredibilmente utile. <\/p>\n<h3 data-start=\"6186\" data-end=\"6253\">7. In che modo <span class=\"notranslate\">Simons Searchlight<\/span> ha sostenuto te e la tua comunit\u00e0?<\/h3>\n<p data-start=\"6255\" data-end=\"6524\"><span class=\"notranslate\">Simons Searchlight<\/span> \u00e8 stata la prima risorsa che abbiamo trovato dopo la diagnosi di Emma. I rapporti che pubblicate ci aiutano a capire cosa aspettarci durante la crescita dei nostri figli e quali terapie privilegiare. \u00c8 stato uno strumento prezioso sia per la nostra famiglia che per la comunit\u00e0 in generale.  <\/p>\n<h3 data-start=\"6186\" data-end=\"6253\"><img loading=\"lazy\" decoding=\"async\" class=\"wp-image-63411 alignleft\" src=\"https:\/\/cdn.simonssearchlight.org\/wp-content\/uploads\/2025\/06\/09081931\/20240331_211414-768x1024.jpg\" alt=\"\" width=\"465\" height=\"620\" srcset=\"https:\/\/cdn.simonssearchlight.org\/wp-content\/uploads\/2025\/06\/09081931\/20240331_211414-768x1024.jpg 768w, https:\/\/cdn.simonssearchlight.org\/wp-content\/uploads\/2025\/06\/09081931\/20240331_211414-225x300.jpg 225w, https:\/\/cdn.simonssearchlight.org\/wp-content\/uploads\/2025\/06\/09081931\/20240331_211414-1152x1536.jpg 1152w, https:\/\/cdn.simonssearchlight.org\/wp-content\/uploads\/2025\/06\/09081931\/20240331_211414-1536x2048.jpg 1536w, https:\/\/cdn.simonssearchlight.org\/wp-content\/uploads\/2025\/06\/09081931\/20240331_211414-scaled.jpg 1920w\" sizes=\"(max-width: 465px) 100vw, 465px\" \/><\/h3>\n<h3 data-start=\"6526\" data-end=\"6583\">8. Cosa ti mantiene motivato come genitore e sostenitore?<\/h3>\n<p data-start=\"6585\" data-end=\"6696\"><strong>Personalmente, il mio mantra \u00e8: &#8220;Sfrutta al meglio ogni giorno&#8221;. Ogni giorno porta con s\u00e9 nuove opportunit\u00e0 per fare la differenza <\/strong>.<\/p>\n<p data-start=\"6698\" data-end=\"6907\">Come gruppo, un messaggio che ci \u00e8 rimasto impresso proviene da un&#8217;organizzazione spagnola che si occupa di malattie rare:<br data-start=\"6792\" data-end=\"6795\">&#8220;Le nostre famiglie sono dovute andare in montagna invece che al mare &#8211; ma la montagna pu\u00f2 essere ancora pi\u00f9 bella&#8221;.<\/p>\n<p data-start=\"6909\" data-end=\"7042\">Questo \u00e8 il modo in cui ci sentiamo. Festeggiamo ogni traguardo, anche se piccolo, perch\u00e9 nella nostra comunit\u00e0 nulla \u00e8 dato per scontato. <\/p>\n<h3 data-start=\"7044\" data-end=\"7132\">9. C&#8217;\u00e8 qualcos&#8217;altro che vorresti condividere con la comunit\u00e0 di <span class=\"notranslate\">Simons Searchlight<\/span>?<\/h3>\n<p data-start=\"7134\" data-end=\"7308\">Da parte di tutti noi di MED13L Espa\u00f1a, inviamo i nostri pi\u00f9 sentiti auguri a tutte le famiglie affette da malattie rare. Continuate a guardare avanti, siate orgogliosi di quanto avete fatto e non smettete mai di andare avanti! <\/p>\n<p data-start=\"7134\" data-end=\"7308\"><em><strong>Per saperne di pi\u00f9 su <a href=\"http:\/\/www.med13l.es\" target=\"_blank\" rel=\"noopener\">MED13L Espa\u00f1a<\/a>.<\/strong><\/em><\/p>\n","protected":false},"excerpt":{"rendered":"<p>Incontra Mathijs, sostenitore e co-fondatore di MED13L Espa\u00f1a.<\/p>\n","protected":false},"author":18,"featured_media":63422,"comment_status":"closed","ping_status":"closed","sticky":false,"template":"","format":"standard","meta":{"_acf_changed":false,"_relevanssi_hide_post":"","_relevanssi_hide_content":"","_relevanssi_pin_for_all":"","_relevanssi_pin_keywords":"","_relevanssi_unpin_keywords":"","_relevanssi_related_keywords":"","_relevanssi_related_include_ids":"","_relevanssi_related_exclude_ids":"","_relevanssi_related_no_append":"","_relevanssi_related_not_related":"","_relevanssi_related_posts":"","_relevanssi_noindex_reason":"","footnotes":""},"categories":[543,634],"tags":[],"acf":[],"_links":{"self":[{"href":"https:\/\/www.simonssearchlight.org\/it\/wp-json\/wp\/v2\/posts\/63457"}],"collection":[{"href":"https:\/\/www.simonssearchlight.org\/it\/wp-json\/wp\/v2\/posts"}],"about":[{"href":"https:\/\/www.simonssearchlight.org\/it\/wp-json\/wp\/v2\/types\/post"}],"author":[{"embeddable":true,"href":"https:\/\/www.simonssearchlight.org\/it\/wp-json\/wp\/v2\/users\/18"}],"replies":[{"embeddable":true,"href":"https:\/\/www.simonssearchlight.org\/it\/wp-json\/wp\/v2\/comments?post=63457"}],"version-history":[{"count":4,"href":"https:\/\/www.simonssearchlight.org\/it\/wp-json\/wp\/v2\/posts\/63457\/revisions"}],"predecessor-version":[{"id":64705,"href":"https:\/\/www.simonssearchlight.org\/it\/wp-json\/wp\/v2\/posts\/63457\/revisions\/64705"}],"wp:featuredmedia":[{"embeddable":true,"href":"https:\/\/www.simonssearchlight.org\/it\/wp-json\/wp\/v2\/media\/63422"}],"wp:attachment":[{"href":"https:\/\/www.simonssearchlight.org\/it\/wp-json\/wp\/v2\/media?parent=63457"}],"wp:term":[{"taxonomy":"category","embeddable":true,"href":"https:\/\/www.simonssearchlight.org\/it\/wp-json\/wp\/v2\/categories?post=63457"},{"taxonomy":"post_tag","embeddable":true,"href":"https:\/\/www.simonssearchlight.org\/it\/wp-json\/wp\/v2\/tags?post=63457"}],"curies":[{"name":"wp","href":"https:\/\/api.w.org\/{rel}","templated":true}]}}