{"id":65834,"date":"2025-10-20T16:49:32","date_gmt":"2025-10-20T20:49:32","guid":{"rendered":"https:\/\/www.simonssearchlight.org\/2025\/10\/20\/interviews-en-podcast-wendy-chung-parle-des-15-ans-de-simons-searchlight\/"},"modified":"2025-10-20T16:49:32","modified_gmt":"2025-10-20T20:49:32","slug":"interviews-en-podcast-wendy-chung-parle-des-15-ans-de-simons-searchlight","status":"publish","type":"post","link":"https:\/\/www.simonssearchlight.org\/fr\/2025\/10\/20\/interviews-en-podcast-wendy-chung-parle-des-15-ans-de-simons-searchlight\/","title":{"rendered":"Interviews en podcast : Wendy Chung parle des 15 ans de Simons Searchlight"},"content":{"rendered":"<h4>Deux interviews podcast r\u00e9centes mettent en lumi\u00e8re le Dr Wendy Chung et les 15 ans de <span class=\"notranslate\">Simons Searchlight<\/span>, explorant comment les familles, les chercheurs et les d\u00e9fenseurs ont travaill\u00e9 ensemble pour faire progresser la compr\u00e9hension des troubles g\u00e9n\u00e9tiques rares du d\u00e9veloppement neurologique.<\/h4>\n<p>Dans les deux \u00e9pisodes &#8211; <a href=\"https:\/\/effieparks.com\/podcast\/simonssearchlight\" target=\"_blank\" rel=\"noopener\">Once Upon a Gene avec Effie Parks<\/a> et <a href=\"https:\/\/asfpodcast.org\/archives\/1929\" target=\"_blank\" rel=\"noopener\">Autism Science Foundation (ASF) Weekly Science Podcast avec Alycia Halladay &#8211; le<\/a>Dr Chung r\u00e9fl\u00e9chit \u00e0 la mani\u00e8re dont la participation des familles a fa\u00e7onn\u00e9 les d\u00e9couvertes, construit une communaut\u00e9 mondiale et inspir\u00e9 de nouvelles orientations dans la recherche sur l&#8217;autisme et la g\u00e9n\u00e9tique. Elle souligne le pouvoir de la collaboration, l&#8217;importance de l&#8217;inclusion et l&#8217;espoir partag\u00e9 de th\u00e9rapies futures qui am\u00e9liorent les vies. <\/p>\n<p><strong>\ud83d\udc49 \u00c9coutez les deux conversations et c\u00e9l\u00e9brez cette \u00e9tape avec nous !<\/strong><\/p>\n","protected":false},"excerpt":{"rendered":"<p>Le Dr Wendy Chung f\u00eate ses 15 ans d&#8217;activit\u00e9 \u00e0 Simons Searchlight.<\/p>\n","protected":false},"author":18,"featured_media":59331,"comment_status":"closed","ping_status":"closed","sticky":false,"template":"","format":"standard","meta":{"_acf_changed":false,"_relevanssi_hide_post":"","_relevanssi_hide_content":"","_relevanssi_pin_for_all":"","_relevanssi_pin_keywords":"","_relevanssi_unpin_keywords":"","_relevanssi_related_keywords":"","_relevanssi_related_include_ids":"","_relevanssi_related_exclude_ids":"","_relevanssi_related_no_append":"","_relevanssi_related_not_related":"","_relevanssi_related_posts":"","_relevanssi_noindex_reason":"","footnotes":""},"categories":[672,287],"tags":[],"acf":[],"_links":{"self":[{"href":"https:\/\/www.simonssearchlight.org\/fr\/wp-json\/wp\/v2\/posts\/65834"}],"collection":[{"href":"https:\/\/www.simonssearchlight.org\/fr\/wp-json\/wp\/v2\/posts"}],"about":[{"href":"https:\/\/www.simonssearchlight.org\/fr\/wp-json\/wp\/v2\/types\/post"}],"author":[{"embeddable":true,"href":"https:\/\/www.simonssearchlight.org\/fr\/wp-json\/wp\/v2\/users\/18"}],"replies":[{"embeddable":true,"href":"https:\/\/www.simonssearchlight.org\/fr\/wp-json\/wp\/v2\/comments?post=65834"}],"version-history":[{"count":0,"href":"https:\/\/www.simonssearchlight.org\/fr\/wp-json\/wp\/v2\/posts\/65834\/revisions"}],"wp:featuredmedia":[{"embeddable":true,"href":"https:\/\/www.simonssearchlight.org\/fr\/wp-json\/wp\/v2\/media\/59331"}],"wp:attachment":[{"href":"https:\/\/www.simonssearchlight.org\/fr\/wp-json\/wp\/v2\/media?parent=65834"}],"wp:term":[{"taxonomy":"category","embeddable":true,"href":"https:\/\/www.simonssearchlight.org\/fr\/wp-json\/wp\/v2\/categories?post=65834"},{"taxonomy":"post_tag","embeddable":true,"href":"https:\/\/www.simonssearchlight.org\/fr\/wp-json\/wp\/v2\/tags?post=65834"}],"curies":[{"name":"wp","href":"https:\/\/api.w.org\/{rel}","templated":true}]}}