{"id":63459,"date":"2025-07-09T12:39:46","date_gmt":"2025-07-09T16:39:46","guid":{"rendered":"https:\/\/www.simonssearchlight.org\/2025\/07\/09\/ouvrir-la-voie-entretien-avec-mathijs-van-unen\/"},"modified":"2025-08-15T12:55:39","modified_gmt":"2025-08-15T16:55:39","slug":"ouvrir-la-voie-entretien-avec-mathijs-van-unen","status":"publish","type":"post","link":"https:\/\/www.simonssearchlight.org\/fr\/2025\/07\/09\/ouvrir-la-voie-entretien-avec-mathijs-van-unen\/","title":{"rendered":"Ouvrir la voie : Entretien avec Mathijs van Unen"},"content":{"rendered":"<h4 data-start=\"291\" data-end=\"396\">Dans notre s\u00e9rie &#8220;Leading the Way&#8221;, nous mettons en lumi\u00e8re le travail inspirant des leaders des groupes de d\u00e9fense des patients (PAG). Ce mois-ci, nous vous pr\u00e9sentons Mathijs van Unen, d\u00e9fenseur des patients et fondateur de MED13L Espa\u00f1a. Mathijs nous fait part de son parcours dans la d\u00e9fense des maladies rares, de ses id\u00e9es en mati\u00e8re de leadership et des progr\u00e8s incroyables r\u00e9alis\u00e9s par la communaut\u00e9 des personnes atteintes d&#8217;une maladie li\u00e9e au MED13L.  <\/h4>\n<h3 data-start=\"291\" data-end=\"396\">1. Pouvez-vous nous parler un peu de vous, de votre famille et de la mani\u00e8re dont vous avez commenc\u00e9 \u00e0 d\u00e9fendre les int\u00e9r\u00eats des patients ?<\/h3>\n<p data-start=\"398\" data-end=\"740\">Je m&#8217;appelle Mathijs van Unen. Ma femme et moi sommes les parents d&#8217;une merveilleuse petite fille \u00e0 qui l&#8217;on a diagnostiqu\u00e9 le MED13L juste avant son deuxi\u00e8me anniversaire. Je travaille comme directeur commercial, ce qui m&#8217;a fait voyager dans le monde entier et m&#8217;a permis de vivre de nombreuses exp\u00e9riences nouvelles. Mais lorsque nous avons re\u00e7u le diagnostic g\u00e9n\u00e9tique de notre fille, je ne connaissais pas du tout le MED13L.   <\/p>\n<p data-start=\"398\" data-end=\"740\"><img loading=\"lazy\" decoding=\"async\" class=\"wp-image-63390 alignright\" src=\"https:\/\/cdn.simonssearchlight.org\/wp-content\/uploads\/2025\/06\/09081910\/20240821_120859-768x1024.jpg\" alt=\"\" width=\"303\" height=\"404\" srcset=\"https:\/\/cdn.simonssearchlight.org\/wp-content\/uploads\/2025\/06\/09081910\/20240821_120859-768x1024.jpg 768w, https:\/\/cdn.simonssearchlight.org\/wp-content\/uploads\/2025\/06\/09081910\/20240821_120859-225x300.jpg 225w, https:\/\/cdn.simonssearchlight.org\/wp-content\/uploads\/2025\/06\/09081910\/20240821_120859-1152x1536.jpg 1152w, https:\/\/cdn.simonssearchlight.org\/wp-content\/uploads\/2025\/06\/09081910\/20240821_120859-1536x2048.jpg 1536w, https:\/\/cdn.simonssearchlight.org\/wp-content\/uploads\/2025\/06\/09081910\/20240821_120859-scaled.jpg 1920w\" sizes=\"(max-width: 303px) 100vw, 303px\" \/><\/p>\n<p data-start=\"742\" data-end=\"1122\"><strong>Mon parcours dans le domaine de la d\u00e9fense des droits a commenc\u00e9 par n\u00e9cessit\u00e9.<\/strong>  En Espagne, o\u00f9 nous vivons, il n&#8217;y avait pratiquement pas d&#8217;informations ou de soutien pour les familles touch\u00e9es par le MED13L. Heureusement, nous avons trouv\u00e9 la Fondation MED13L et nous sommes entr\u00e9s en contact avec quelques autres familles espagnoles par l&#8217;interm\u00e9diaire de WhatsApp. Peu de temps apr\u00e8s, mon entreprise nous a propos\u00e9 de soutenir nos efforts en finan\u00e7ant un site web destin\u00e9 \u00e0 sensibiliser les Espagnols au MED13L.  <\/p>\n<p data-start=\"1124\" data-end=\"1430\">C&#8217;est alors que nous avons d\u00e9cid\u00e9 de cr\u00e9er un groupe de d\u00e9fense officiel. Nous avons commenc\u00e9 avec 14 familles et nous en avons maintenant 20 &#8211; et nous pensons qu&#8217;il y en a beaucoup d&#8217;autres. Le site web de notre groupe<a class=\"\" href=\"http:\/\/www.med13l.es\" target=\"_blank\" rel=\"noopener\" data-start=\"1303\" data-end=\"1316\">(www.med13l.es)<\/a> sera bient\u00f4t lanc\u00e9 et servira de plaque tournante pour les familles espagnoles \u00e0 la recherche d&#8217;informations, de contacts et de soutien.  <\/p>\n<p data-start=\"1432\" data-end=\"1627\">Notre mission est de sensibiliser l&#8217;opinion publique, de faire pression pour obtenir un meilleur soutien du gouvernement espagnol et de collaborer avec d&#8217;autres groupes de d\u00e9fense dans le monde entier afin de faire progresser la recherche et d&#8217;\u00e9laborer de nouveaux traitements.<\/p>\n<h3 data-start=\"1629\" data-end=\"1712\">2. Comment avez-vous v\u00e9cu le diagnostic de maladie rare de votre enfant ?<\/h3>\n<p data-start=\"1714\" data-end=\"2053\">Environ un mois avant la naissance de notre fille Emma, un examen de routine de la grossesse a soulev\u00e9 quelques inqui\u00e9tudes, mais les tests n&#8217;ont rien r\u00e9v\u00e9l\u00e9 de concluant. \u00c0 l&#8217;\u00e2ge de cinq mois, nous avons compris que quelque chose n&#8217;allait pas. Ses muscles \u00e9taient tr\u00e8s raides, elle ne pouvait pas se tourner et il \u00e9tait difficile de l&#8217;habiller car ses articulations ne se pliaient pas facilement.  <\/p>\n<p data-start=\"2055\" data-end=\"2288\">Malgr\u00e9 nos inqui\u00e9tudes, plusieurs p\u00e9diatres nous ont dit de ne pas nous inqui\u00e9ter. Mais nous avons insist\u00e9 pour obtenir un autre avis. Un p\u00e9diatre a jet\u00e9 un coup d&#8217;\u0153il \u00e0 Emma et l&#8217;a imm\u00e9diatement envoy\u00e9e voir un neurologue p\u00e9diatrique. Il \u00e9tait clair qu&#8217;il se passait quelque chose.   <\/p>\n<p data-start=\"2290\" data-end=\"2606\">Je ne me souviens pas du nom du diagnostic initial, mais on nous a dit qu&#8217;Emma ne parlerait peut-\u00eatre jamais, ne marcherait jamais, ne mangerait jamais et ne se d\u00e9placerait jamais de fa\u00e7on autonome. Apr\u00e8s le choc initial, nous avons commenc\u00e9 les th\u00e9rapies et, petit \u00e0 petit, les choses ont commenc\u00e9 \u00e0 s&#8217;am\u00e9liorer. Elle a commenc\u00e9 \u00e0 ouvrir les mains, \u00e0 plier les coudes et les genoux plus facilement et \u00e0 faire des progr\u00e8s.  <\/p>\n<p data-start=\"2608\" data-end=\"2854\"><img loading=\"lazy\" decoding=\"async\" class=\"aligncenter wp-image-63383 size-large\" src=\"https:\/\/cdn.simonssearchlight.org\/wp-content\/uploads\/2025\/06\/09081857\/20240822_114030-768x1024.jpg\" alt=\"\" width=\"768\" height=\"1024\" srcset=\"https:\/\/cdn.simonssearchlight.org\/wp-content\/uploads\/2025\/06\/09081857\/20240822_114030-768x1024.jpg 768w, https:\/\/cdn.simonssearchlight.org\/wp-content\/uploads\/2025\/06\/09081857\/20240822_114030-225x300.jpg 225w, https:\/\/cdn.simonssearchlight.org\/wp-content\/uploads\/2025\/06\/09081857\/20240822_114030-1152x1536.jpg 1152w, https:\/\/cdn.simonssearchlight.org\/wp-content\/uploads\/2025\/06\/09081857\/20240822_114030-1536x2048.jpg 1536w, https:\/\/cdn.simonssearchlight.org\/wp-content\/uploads\/2025\/06\/09081857\/20240822_114030-scaled.jpg 1920w\" sizes=\"(max-width: 768px) 100vw, 768px\" \/><\/p>\n<p data-start=\"2608\" data-end=\"2854\">C&#8217;est \u00e0 ce moment-l\u00e0 que nous avons \u00e9t\u00e9 orient\u00e9s vers un test g\u00e9n\u00e9tique, dont le r\u00e9sultat a \u00e9t\u00e9 obtenu au d\u00e9but de 2023. On nous a dit : &#8220;Votre fille est atteinte de la maladie MED13L. Il s&#8217;agit d&#8217;une maladie g\u00e9n\u00e9tique rare, non d\u00e9g\u00e9n\u00e9rative. Il n&#8217;y a qu&#8217;environ 80 cas connus dans le monde, et nous n&#8217;en savons pas beaucoup plus&#8221;. <\/p>\n<p data-start=\"2856\" data-end=\"3353\">C&#8217;\u00e9tait difficile \u00e0 dig\u00e9rer, surtout avec si peu d&#8217;informations ou de conseils. Heureusement, nous avons appris par la suite qu&#8217;il y avait plus de familles que ce que l&#8217;on nous avait dit et qu&#8217;il existait des groupes de d\u00e9fense actifs dans d&#8217;autres pays. Le fait d&#8217;entrer en contact avec eux nous a aid\u00e9s \u00e0 nous sentir moins seuls et nous a permis d&#8217;aller de l&#8217;avant.   Depuis lors, notre parcours a \u00e9t\u00e9 jalonn\u00e9 d&#8217;apprentissages, de rendez-vous et de th\u00e9rapies &#8211; certaines couronn\u00e9es de succ\u00e8s, d&#8217;autres non. Mais nous restons concentr\u00e9s sur notre objectif : aider Emma \u00e0 devenir une jeune femme ind\u00e9pendante. <\/p>\n<h3 data-start=\"3355\" data-end=\"3435\">3. Qu&#8217;est-ce qui vous a incit\u00e9 \u00e0 jouer un r\u00f4le de premier plan dans la cr\u00e9ation de MED13L Espa\u00f1a ?<\/h3>\n<p data-start=\"3437\" data-end=\"3717\">Tout a commenc\u00e9 avec l&#8217;id\u00e9e de mon employeur de cr\u00e9er un site web et de partager des informations en espagnol. Nous avions d\u00e9j\u00e0 laiss\u00e9 des documents utiles de <span class=\"notranslate\">Simons Searchlight<\/span> et de la Fondation MED13L dans les centres de th\u00e9rapie de notre fille, en esp\u00e9rant qu&#8217;ils pourraient aider d&#8217;autres familles \u00e0 l&#8217;avenir. <\/p>\n<p data-start=\"3437\" data-end=\"3717\"><img loading=\"lazy\" decoding=\"async\" class=\"alignleft wp-image-63404 size-medium\" src=\"https:\/\/cdn.simonssearchlight.org\/wp-content\/uploads\/2025\/06\/09081918\/20240512_184835-rotated-e1752078855478-300x291.jpg\" alt=\"\" width=\"300\" height=\"291\" srcset=\"https:\/\/cdn.simonssearchlight.org\/wp-content\/uploads\/2025\/06\/09081918\/20240512_184835-rotated-e1752078855478-300x291.jpg 300w, https:\/\/cdn.simonssearchlight.org\/wp-content\/uploads\/2025\/06\/09081918\/20240512_184835-rotated-e1752078855478-1024x992.jpg 1024w, https:\/\/cdn.simonssearchlight.org\/wp-content\/uploads\/2025\/06\/09081918\/20240512_184835-rotated-e1752078855478-768x744.jpg 768w, https:\/\/cdn.simonssearchlight.org\/wp-content\/uploads\/2025\/06\/09081918\/20240512_184835-rotated-e1752078855478.jpg 1500w\" sizes=\"(max-width: 300px) 100vw, 300px\" \/><\/p>\n<p data-start=\"3437\" data-end=\"3717\">Lorsque l&#8217;id\u00e9e d&#8217;un site web est apparue, nous l&#8217;avons partag\u00e9e avec le groupe WhatsApp, ce qui a d\u00e9clench\u00e9 le d\u00e9but d&#8217;un effort de plaidoyer national. Les 14 familles fondatrices se sont r\u00e9unies autour d&#8217;un engagement commun : faciliter le parcours du diagnostic pour les autres et am\u00e9liorer l&#8217;avenir de nos enfants. <\/p>\n<p data-start=\"3355\" data-end=\"3435\">Ensemble, nous avons \u00e9largi notre champ d&#8217;action, collect\u00e9 des fonds, engag\u00e9 des chercheurs espagnols et organis\u00e9 notre premi\u00e8re r\u00e9union nationale des familles &#8211; et ce n&#8217;est pas fini.<\/p>\n<h3 data-start=\"4158\" data-end=\"4246\">4. Quel est le moment ou la r\u00e9alisation m\u00e9morable qui ressort de votre travail de plaidoyer ?<\/h3>\n<p data-start=\"4248\" data-end=\"4493\">Deux moments r\u00e9cents me viennent \u00e0 l&#8217;esprit. Tout d&#8217;abord, lors de la Journ\u00e9e internationale du MED13L, nous avons collabor\u00e9 avec des \u00e9coles et des administrations locales pour sensibiliser le public. Certains ont illumin\u00e9 leurs b\u00e2timents en orange et ont partag\u00e9 des messages sur les m\u00e9dias sociaux pour aider les gens \u00e0 se familiariser avec le MED13L.  <\/p>\n<p data-start=\"4248\" data-end=\"4493\">Deuxi\u00e8mement, et c&#8217;est peut-\u00eatre le plus important, nous avons organis\u00e9 notre premi\u00e8re r\u00e9union nationale des familles. Nous avons r\u00e9uni des familles espagnoles MED13L, des m\u00e9decins, des th\u00e9rapeutes et des chercheurs, dont le Dr Bellusci, notre responsable national de la recherche. Nous avons \u00e9galement accueilli des repr\u00e9sentants de <span class=\"notranslate\">Simons Searchlight<\/span>, de la Fondation MED13L et du groupe fran\u00e7ais MED13L. Il s&#8217;agit d&#8217;une \u00e9tape importante pour notre communaut\u00e9, et je suis incroyablement reconnaissant \u00e0 notre \u00e9quipe d&#8217;avoir fait en sorte que cela se produise.   <\/p>\n<h3 data-start=\"4924\" data-end=\"5011\">5. Quels sont les d\u00e9fis que vous avez rencontr\u00e9s dans votre travail de plaidoyer et qu&#8217;avez-vous appris ?<\/h3>\n<p data-start=\"5013\" data-end=\"5182\">Le plus grand d\u00e9fi est que le MED13L n&#8217;est pas tr\u00e8s connu, m\u00eame parmi les m\u00e9decins. La plupart des gens n&#8217;en ont jamais entendu parler, de sorte que chaque conversation semble partir de z\u00e9ro. <\/p>\n<p data-start=\"4158\" data-end=\"4246\"><img loading=\"lazy\" decoding=\"async\" class=\"wp-image-63369 alignright\" src=\"https:\/\/cdn.simonssearchlight.org\/wp-content\/uploads\/2025\/06\/09081831\/Celeste.png\" alt=\"\" width=\"243\" height=\"240\">Pour y rem\u00e9dier, nous avons cr\u00e9\u00e9 un d\u00e9pliant \u00e9ducatif, investi dans les m\u00e9dias sociaux et \u00e9tabli des liens avec des chercheurs et d&#8217;autres groupes de d\u00e9fense. Nous soutenons tous ceux qui manifestent de l&#8217;int\u00e9r\u00eat et les mettons en contact avec d&#8217;autres personnes susceptibles de les guider. <\/p>\n<p data-start=\"5433\" data-end=\"5532\"><strong>La le\u00e7on la plus importante ? La d\u00e9fense d&#8217;une cause demande du temps et de la pers\u00e9v\u00e9rance. Mais si vous continuez, les progr\u00e8s viendront.  <\/strong><\/p>\n<h3 data-start=\"5534\" data-end=\"5635\">6. Quels sont les ressources ou les outils qui vous ont le plus aid\u00e9 &#8211; et que recommanderiez-vous \u00e0 d&#8217;autres familles ?<\/h3>\n<p data-start=\"5637\" data-end=\"5906\">Nous nous sommes efforc\u00e9s de ne pas r\u00e9inventer la roue. Au lieu de cela, nous nous appuyons sur les ressources de la Fondation MED13L, de <span class=\"notranslate\">Simons Searchlight<\/span> et d&#8217;autres groupes de d\u00e9fense en France, en Allemagne et au Royaume-Uni. Nous sommes en contact r\u00e9gulier avec eux et nous nous soutenons mutuellement dans la mesure du possible.  <\/p>\n<p data-start=\"5908\" data-end=\"6184\">En tant que parents, nous pensons \u00e9galement que les ressources visuelles et faciles \u00e0 comprendre sont les plus efficaces pour expliquer la maladie \u00e0 d&#8217;autres personnes. L&#8217;un des probl\u00e8mes auxquels nous sommes confront\u00e9s en Espagne est que de nombreux th\u00e9rapeutes ne parlent pas couramment l&#8217;anglais, de sorte qu&#8217;il serait extr\u00eamement utile de disposer de davantage de ressources traduites en espagnol. <\/p>\n<h3 data-start=\"6186\" data-end=\"6253\">7. Comment <span class=\"notranslate\">Simons Searchlight<\/span> vous a-t-il aid\u00e9, vous et votre communaut\u00e9 ?<\/h3>\n<p data-start=\"6255\" data-end=\"6524\"><span class=\"notranslate\">Simons Searchlight<\/span> a \u00e9t\u00e9 la toute premi\u00e8re ressource que nous avons trouv\u00e9e apr\u00e8s le diagnostic d&#8217;Emma. Les rapports que vous publiez nous aident \u00e0 comprendre ce qui nous attend au fur et \u00e0 mesure que nos enfants grandissent et quelles sont les th\u00e9rapies \u00e0 privil\u00e9gier. C&#8217;est un outil inestimable pour notre famille et pour la communaut\u00e9 au sens large.  <\/p>\n<h3 data-start=\"6186\" data-end=\"6253\"><img loading=\"lazy\" decoding=\"async\" class=\"wp-image-63411 alignleft\" src=\"https:\/\/cdn.simonssearchlight.org\/wp-content\/uploads\/2025\/06\/09081931\/20240331_211414-768x1024.jpg\" alt=\"\" width=\"465\" height=\"620\" srcset=\"https:\/\/cdn.simonssearchlight.org\/wp-content\/uploads\/2025\/06\/09081931\/20240331_211414-768x1024.jpg 768w, https:\/\/cdn.simonssearchlight.org\/wp-content\/uploads\/2025\/06\/09081931\/20240331_211414-225x300.jpg 225w, https:\/\/cdn.simonssearchlight.org\/wp-content\/uploads\/2025\/06\/09081931\/20240331_211414-1152x1536.jpg 1152w, https:\/\/cdn.simonssearchlight.org\/wp-content\/uploads\/2025\/06\/09081931\/20240331_211414-1536x2048.jpg 1536w, https:\/\/cdn.simonssearchlight.org\/wp-content\/uploads\/2025\/06\/09081931\/20240331_211414-scaled.jpg 1920w\" sizes=\"(max-width: 465px) 100vw, 465px\" \/><\/h3>\n<h3 data-start=\"6526\" data-end=\"6583\">8. Qu&#8217;est-ce qui vous motive en tant que parent et d\u00e9fenseur ?<\/h3>\n<p data-start=\"6585\" data-end=\"6696\"><strong>Personnellement, mon mantra est le suivant : &#8220;Tirez le meilleur parti de chaque jour&#8221;. Chaque jour apporte de nouvelles opportunit\u00e9s de faire la diff\u00e9rence <\/strong>.<\/p>\n<p data-start=\"6698\" data-end=\"6907\">En tant que groupe, un message qui r\u00e9sonne en nous vient d&#8217;une organisation espagnole de lutte contre les maladies rares :<br data-start=\"6792\" data-end=\"6795\">&#8220;Nos familles ont d\u00fb aller \u00e0 la montagne plut\u00f4t qu&#8217;\u00e0 la plage &#8211; mais la montagne peut \u00eatre encore plus belle&#8221;.<\/p>\n<p data-start=\"6909\" data-end=\"7042\">Voil\u00e0 ce que nous ressentons. Nous c\u00e9l\u00e9brons chaque \u00e9tape, aussi petite soit-elle, car rien n&#8217;est jamais acquis dans notre communaut\u00e9. <\/p>\n<h3 data-start=\"7044\" data-end=\"7132\">9. Y a-t-il autre chose que vous aimeriez partager avec la communaut\u00e9 de <span class=\"notranslate\">Simons Searchlight<\/span> ?<\/h3>\n<p data-start=\"7134\" data-end=\"7308\">De la part de MED13L Espa\u00f1a, nous adressons nos v\u0153ux les plus chaleureux \u00e0 toutes les familles touch\u00e9es par les maladies rares. Continuez \u00e0 regarder vers l&#8217;avant, soyez fiers du chemin parcouru et ne cessez jamais d&#8217;aller de l&#8217;avant ! <\/p>\n<p data-start=\"7134\" data-end=\"7308\"><em><strong>En savoir plus sur <a href=\"http:\/\/www.med13l.es\" target=\"_blank\" rel=\"noopener\">MED13L Espa\u00f1a<\/a>.<\/strong><\/em><\/p>\n","protected":false},"excerpt":{"rendered":"<p>Rencontrez Mathijs, d\u00e9fenseur et cofondateur de MED13L Espa\u00f1a.<\/p>\n","protected":false},"author":18,"featured_media":63420,"comment_status":"closed","ping_status":"closed","sticky":false,"template":"","format":"standard","meta":{"_acf_changed":false,"_relevanssi_hide_post":"","_relevanssi_hide_content":"","_relevanssi_pin_for_all":"","_relevanssi_pin_keywords":"","_relevanssi_unpin_keywords":"","_relevanssi_related_keywords":"","_relevanssi_related_include_ids":"","_relevanssi_related_exclude_ids":"","_relevanssi_related_no_append":"","_relevanssi_related_not_related":"","_relevanssi_related_posts":"","_relevanssi_noindex_reason":"","footnotes":""},"categories":[201,636],"tags":[],"acf":[],"_links":{"self":[{"href":"https:\/\/www.simonssearchlight.org\/fr\/wp-json\/wp\/v2\/posts\/63459"}],"collection":[{"href":"https:\/\/www.simonssearchlight.org\/fr\/wp-json\/wp\/v2\/posts"}],"about":[{"href":"https:\/\/www.simonssearchlight.org\/fr\/wp-json\/wp\/v2\/types\/post"}],"author":[{"embeddable":true,"href":"https:\/\/www.simonssearchlight.org\/fr\/wp-json\/wp\/v2\/users\/18"}],"replies":[{"embeddable":true,"href":"https:\/\/www.simonssearchlight.org\/fr\/wp-json\/wp\/v2\/comments?post=63459"}],"version-history":[{"count":4,"href":"https:\/\/www.simonssearchlight.org\/fr\/wp-json\/wp\/v2\/posts\/63459\/revisions"}],"predecessor-version":[{"id":64707,"href":"https:\/\/www.simonssearchlight.org\/fr\/wp-json\/wp\/v2\/posts\/63459\/revisions\/64707"}],"wp:featuredmedia":[{"embeddable":true,"href":"https:\/\/www.simonssearchlight.org\/fr\/wp-json\/wp\/v2\/media\/63420"}],"wp:attachment":[{"href":"https:\/\/www.simonssearchlight.org\/fr\/wp-json\/wp\/v2\/media?parent=63459"}],"wp:term":[{"taxonomy":"category","embeddable":true,"href":"https:\/\/www.simonssearchlight.org\/fr\/wp-json\/wp\/v2\/categories?post=63459"},{"taxonomy":"post_tag","embeddable":true,"href":"https:\/\/www.simonssearchlight.org\/fr\/wp-json\/wp\/v2\/tags?post=63459"}],"curies":[{"name":"wp","href":"https:\/\/api.w.org\/{rel}","templated":true}]}}