{"id":63458,"date":"2025-07-09T12:39:46","date_gmt":"2025-07-09T16:39:46","guid":{"rendered":"https:\/\/www.simonssearchlight.org\/2025\/07\/09\/den-weg-vorgeben-ein-interview-mit-mathijs-van-unen\/"},"modified":"2025-08-15T12:55:39","modified_gmt":"2025-08-15T16:55:39","slug":"den-weg-vorgeben-ein-interview-mit-mathijs-van-unen","status":"publish","type":"post","link":"https:\/\/www.simonssearchlight.org\/de\/2025\/07\/09\/den-weg-vorgeben-ein-interview-mit-mathijs-van-unen\/","title":{"rendered":"Den Weg vorgeben: Ein Interview mit Mathijs van Unen"},"content":{"rendered":"<h4 data-start=\"291\" data-end=\"396\">In unserer Reihe &#8220;Leading the Way&#8221; stellen wir die inspirierende Arbeit von f\u00fchrenden Vertretern von Patientenorganisationen (PAG) vor. Diesen Monat stellen wir Mathijs van Unen vor, Patientenf\u00fcrsprecher und Gr\u00fcnder von MED13L Espa\u00f1a. Mathijs berichtet \u00fcber seinen Weg in die Interessenvertretung f\u00fcr seltene Krankheiten, seine Erfahrungen als F\u00fchrungskraft und die unglaublichen Fortschritte, die die Gemeinschaft der MED13L-Patienten gemacht hat.  <\/h4>\n<h3 data-start=\"291\" data-end=\"396\">1. K\u00f6nnen Sie uns ein wenig \u00fcber sich selbst, Ihre Familie und Ihre Anf\u00e4nge in der Patientenvertretung erz\u00e4hlen?<\/h3>\n<p data-start=\"398\" data-end=\"740\">Mein Name ist Mathijs van Unen. Meine Frau und ich sind Eltern eines wunderbaren kleinen M\u00e4dchens, bei dem kurz vor seinem zweiten Geburtstag MED13L diagnostiziert wurde. Ich arbeite als Vertriebsleiter, was mich um die ganze Welt gef\u00fchrt und mir viele neue Erfahrungen beschert hat. Aber als wir die genetische Diagnose unserer Tochter erhielten, war mir MED13L v\u00f6llig unbekannt.   <\/p>\n<p data-start=\"398\" data-end=\"740\"><img loading=\"lazy\" decoding=\"async\" class=\"wp-image-63390 alignright\" src=\"https:\/\/cdn.simonssearchlight.org\/wp-content\/uploads\/2025\/06\/09081910\/20240821_120859-768x1024.jpg\" alt=\"\" width=\"303\" height=\"404\" srcset=\"https:\/\/cdn.simonssearchlight.org\/wp-content\/uploads\/2025\/06\/09081910\/20240821_120859-768x1024.jpg 768w, https:\/\/cdn.simonssearchlight.org\/wp-content\/uploads\/2025\/06\/09081910\/20240821_120859-225x300.jpg 225w, https:\/\/cdn.simonssearchlight.org\/wp-content\/uploads\/2025\/06\/09081910\/20240821_120859-1152x1536.jpg 1152w, https:\/\/cdn.simonssearchlight.org\/wp-content\/uploads\/2025\/06\/09081910\/20240821_120859-1536x2048.jpg 1536w, https:\/\/cdn.simonssearchlight.org\/wp-content\/uploads\/2025\/06\/09081910\/20240821_120859-scaled.jpg 1920w\" sizes=\"(max-width: 303px) 100vw, 303px\" \/><\/p>\n<p data-start=\"742\" data-end=\"1122\"><strong>Meine Reise in die Anwaltschaft begann aus der Not heraus.<\/strong>  In Spanien, wo wir leben, gab es fast keine Informationen oder Unterst\u00fctzung f\u00fcr von MED13L betroffene Familien. Gl\u00fccklicherweise fanden wir die MED13L Foundation und kn\u00fcpften \u00fcber WhatsApp Kontakte zu einigen anderen spanischen Familien. Kurze Zeit sp\u00e4ter bot mein Unternehmen an, unsere Bem\u00fchungen zu unterst\u00fctzen, indem es eine Website finanzierte, um das Bewusstsein f\u00fcr MED13L in Spanien zu sch\u00e4rfen.  <\/p>\n<p data-start=\"1124\" data-end=\"1430\">Damals haben wir beschlossen, eine offizielle Interessenvertretung zu gr\u00fcnden. Wir begannen mit 14 Familien und sind inzwischen auf 20 angewachsen &#8211; und wir glauben, dass es da drau\u00dfen noch viele mehr gibt. Die Website unserer Gruppe<a class=\"\" href=\"http:\/\/www.med13l.es\" target=\"_blank\" rel=\"noopener\" data-start=\"1303\" data-end=\"1316\">(www.med13l.es)<\/a> wird bald online gehen und als Drehscheibe f\u00fcr spanische Familien dienen, die nach Informationen, Verbindungen und Unterst\u00fctzung suchen.  <\/p>\n<p data-start=\"1432\" data-end=\"1627\">Unsere Aufgabe ist es, das Bewusstsein zu sch\u00e4rfen, auf eine bessere Unterst\u00fctzung durch die spanische Regierung zu dr\u00e4ngen und mit anderen Interessengruppen weltweit zusammenzuarbeiten, um die Forschung voranzutreiben und auf zuk\u00fcnftige Behandlungen hinzuarbeiten.<\/p>\n<h3 data-start=\"1629\" data-end=\"1712\">2. Wie haben Sie die Diagnose der seltenen Krankheit Ihres Kindes erlebt?<\/h3>\n<p data-start=\"1714\" data-end=\"2053\">Etwa einen Monat vor der Geburt unserer Tochter Emma wurden bei einer routinem\u00e4\u00dfigen Schwangerschaftsuntersuchung einige Bedenken ge\u00e4u\u00dfert, aber die Tests ergaben nichts Eindeutiges. Als sie f\u00fcnf Monate alt war, wussten wir, dass etwas nicht stimmte. Ihre Muskeln waren sehr steif, sie konnte sich nicht selbst drehen und es war schwierig, sie anzuziehen, weil sich ihre Gelenke nicht leicht beugen lie\u00dfen.  <\/p>\n<p data-start=\"2055\" data-end=\"2288\">Trotz unserer Bedenken sagten uns mehrere Kinder\u00e4rzte, wir sollten uns keine Sorgen machen. Aber wir dr\u00e4ngten auf eine andere Meinung. Ein Kinderarzt warf einen Blick auf Emma und schickte sie sofort zu einem p\u00e4diatrischen Neurologen. Es war klar, dass etwas nicht stimmte.   <\/p>\n<p data-start=\"2290\" data-end=\"2606\">Ich erinnere mich nicht mehr an den Namen der ersten Diagnose, aber uns wurde gesagt, dass Emma vielleicht nie sprechen, gehen, essen oder sich unabh\u00e4ngig bewegen w\u00fcrde. Nach dem anf\u00e4nglichen Schock begannen wir mit Therapien, und nach und nach wurde es besser. Sie begann, ihre H\u00e4nde zu \u00f6ffnen, ihre Ellbogen und Knie leichter zu beugen und machte Fortschritte.  <\/p>\n<p data-start=\"2608\" data-end=\"2854\"><img loading=\"lazy\" decoding=\"async\" class=\"aligncenter wp-image-63383 size-large\" src=\"https:\/\/cdn.simonssearchlight.org\/wp-content\/uploads\/2025\/06\/09081857\/20240822_114030-768x1024.jpg\" alt=\"\" width=\"768\" height=\"1024\" srcset=\"https:\/\/cdn.simonssearchlight.org\/wp-content\/uploads\/2025\/06\/09081857\/20240822_114030-768x1024.jpg 768w, https:\/\/cdn.simonssearchlight.org\/wp-content\/uploads\/2025\/06\/09081857\/20240822_114030-225x300.jpg 225w, https:\/\/cdn.simonssearchlight.org\/wp-content\/uploads\/2025\/06\/09081857\/20240822_114030-1152x1536.jpg 1152w, https:\/\/cdn.simonssearchlight.org\/wp-content\/uploads\/2025\/06\/09081857\/20240822_114030-1536x2048.jpg 1536w, https:\/\/cdn.simonssearchlight.org\/wp-content\/uploads\/2025\/06\/09081857\/20240822_114030-scaled.jpg 1920w\" sizes=\"(max-width: 768px) 100vw, 768px\" \/><\/p>\n<p data-start=\"2608\" data-end=\"2854\">Daraufhin wurden wir zu einem Gentest \u00fcberwiesen, der Anfang 2023 zur\u00fcckkam. Man sagte uns: &#8220;Ihre Tochter hat MED13L. Das ist eine seltene, nicht degenerative genetische St\u00f6rung. Es gibt weltweit nur etwa 80 bekannte F\u00e4lle und wir wissen nicht viel mehr. <\/p>\n<p data-start=\"2856\" data-end=\"3353\">Es war schwer zu verarbeiten &#8211; vor allem, weil es so wenig Informationen und Anleitung gab. Gl\u00fccklicherweise erfuhren wir sp\u00e4ter, dass es mehr Familien gibt, als man uns gesagt hatte, und dass es in anderen L\u00e4ndern aktive Interessengruppen gibt. Der Kontakt zu ihnen half uns, uns weniger allein zu f\u00fchlen und gab uns einen Weg nach vorne.   Seitdem war unsere Reise eine Reise des st\u00e4ndigen Lernens, der Termine und der Therapien &#8211; manche erfolgreich, manche nicht. Aber wir konzentrieren uns weiterhin auf unser Ziel: Emma dabei zu helfen, zu einer unabh\u00e4ngigen jungen Frau heranzuwachsen. <\/p>\n<h3 data-start=\"3355\" data-end=\"3435\">3. Was hat Sie dazu inspiriert, eine F\u00fchrungsrolle bei der Gr\u00fcndung von MED13L Espa\u00f1a zu \u00fcbernehmen?<\/h3>\n<p data-start=\"3437\" data-end=\"3717\">Alles begann mit der Idee meines Arbeitgebers, eine Website zu erstellen und Informationen auf Spanisch zu verbreiten. Wir hatten bereits hilfreiche Materialien von <span class=\"notranslate\">Simons Searchlight<\/span> und der MED13L Foundation in den Therapiezentren unserer Tochter hinterlassen, in der Hoffnung, dass sie anderen Familien in Zukunft helfen k\u00f6nnten. <\/p>\n<p data-start=\"3437\" data-end=\"3717\"><img loading=\"lazy\" decoding=\"async\" class=\"alignleft wp-image-63404 size-medium\" src=\"https:\/\/cdn.simonssearchlight.org\/wp-content\/uploads\/2025\/06\/09081918\/20240512_184835-rotated-e1752078855478-300x291.jpg\" alt=\"\" width=\"300\" height=\"291\" srcset=\"https:\/\/cdn.simonssearchlight.org\/wp-content\/uploads\/2025\/06\/09081918\/20240512_184835-rotated-e1752078855478-300x291.jpg 300w, https:\/\/cdn.simonssearchlight.org\/wp-content\/uploads\/2025\/06\/09081918\/20240512_184835-rotated-e1752078855478-1024x992.jpg 1024w, https:\/\/cdn.simonssearchlight.org\/wp-content\/uploads\/2025\/06\/09081918\/20240512_184835-rotated-e1752078855478-768x744.jpg 768w, https:\/\/cdn.simonssearchlight.org\/wp-content\/uploads\/2025\/06\/09081918\/20240512_184835-rotated-e1752078855478.jpg 1500w\" sizes=\"(max-width: 300px) 100vw, 300px\" \/><\/p>\n<p data-start=\"3437\" data-end=\"3717\">Als die Idee f\u00fcr eine Website aufkam, teilten wir sie mit der WhatsApp-Gruppe, und das war der Beginn einer nationalen Lobbyarbeit. Die 14 Gr\u00fcnderfamilien kamen mit dem gemeinsamen Ziel zusammen, anderen die Diagnose zu erleichtern und die Zukunft unserer Kinder zu verbessern. <\/p>\n<p data-start=\"3355\" data-end=\"3435\">Gemeinsam haben wir unsere Reichweite vergr\u00f6\u00dfert, Gelder gesammelt, spanische Forscher engagiert und unser erstes nationales Familientreffen veranstaltet &#8211; und es wird noch viel mehr kommen.<\/p>\n<h3 data-start=\"4158\" data-end=\"4246\">4. Was ist ein denkw\u00fcrdiger Moment oder eine Errungenschaft, die aus Ihrer Arbeit als Anwalt hervorsticht?<\/h3>\n<p data-start=\"4248\" data-end=\"4493\">Zwei Momente aus j\u00fcngster Zeit kommen mir in den Sinn. Erstens haben wir am Internationalen MED13L-Tag mit Schulen und lokalen Beh\u00f6rden zusammengearbeitet, um das Bewusstsein zu sch\u00e4rfen. Einige leuchteten ihre Geb\u00e4ude in Orange und ver\u00f6ffentlichten Beitr\u00e4ge in den sozialen Medien, um die Menschen \u00fcber MED13L zu informieren.  <\/p>\n<p data-start=\"4248\" data-end=\"4493\">Zweitens &#8211; und vielleicht am bedeutsamsten &#8211; war unser erstes nationales Familientreffen. Wir brachten spanische MED13L-Familien, \u00c4rzte, Therapeuten und Forscher zusammen, darunter Dr. Bellusci, unseren nationalen Forschungsleiter. Wir begr\u00fc\u00dften auch Vertreter von <span class=\"notranslate\">Simons Searchlight<\/span>, der MED13L-Stiftung und der franz\u00f6sischen MED13L-Gruppe. Dies war ein gro\u00dfer Meilenstein f\u00fcr unsere Gemeinschaft, und ich bin unserem Team unglaublich dankbar, dass es dies m\u00f6glich gemacht hat.   <\/p>\n<h3 data-start=\"4924\" data-end=\"5011\">5. Welchen Herausforderungen sind Sie bei Ihrer Arbeit als Anwalt begegnet, und was haben Sie daraus gelernt?<\/h3>\n<p data-start=\"5013\" data-end=\"5182\">Die gr\u00f6\u00dfte Herausforderung besteht darin, dass MED13L nicht sehr bekannt ist, nicht einmal unter \u00c4rzten. Die meisten Menschen haben noch nie davon geh\u00f6rt, so dass man bei jedem Gespr\u00e4ch das Gef\u00fchl hat, bei Null anzufangen. <\/p>\n<p data-start=\"4158\" data-end=\"4246\"><img loading=\"lazy\" decoding=\"async\" class=\"wp-image-63369 alignright\" src=\"https:\/\/cdn.simonssearchlight.org\/wp-content\/uploads\/2025\/06\/09081831\/Celeste.png\" alt=\"\" width=\"243\" height=\"240\">Um dieses Problem anzugehen, haben wir einen Aufkl\u00e4rungsflyer erstellt, in die sozialen Medien investiert und Verbindungen zu Forschern und anderen Interessengruppen aufgebaut. Wir unterst\u00fctzen jeden, der Interesse zeigt, und bringen ihn mit anderen in Kontakt, die ihn beraten k\u00f6nnen. <\/p>\n<p data-start=\"5433\" data-end=\"5532\"><strong>Die wichtigste Lektion? Advocacy braucht Zeit und Ausdauer. Aber wenn Sie weitermachen, wird sich der Fortschritt einstellen.  <\/strong><\/p>\n<h3 data-start=\"5534\" data-end=\"5635\">6. Welche Ressourcen oder Hilfsmittel haben Ihnen am meisten geholfen &#8211; und was w\u00fcrden Sie anderen Familien empfehlen?<\/h3>\n<p data-start=\"5637\" data-end=\"5906\">Wir haben uns bewusst bem\u00fcht, das Rad nicht neu zu erfinden. Stattdessen verlassen wir uns auf die Ressourcen der MED13L Foundation, von <span class=\"notranslate\">Simons Searchlight<\/span> und anderen Interessengruppen in Frankreich, Deutschland und Gro\u00dfbritannien. Wir stehen in regelm\u00e4\u00dfigem Kontakt mit ihnen und unterst\u00fctzen uns gegenseitig, wo immer es m\u00f6glich ist.  <\/p>\n<p data-start=\"5908\" data-end=\"6184\">Als Eltern finden wir auch, dass visuelle, leicht verst\u00e4ndliche Ressourcen am besten geeignet sind, um anderen die Krankheit zu erkl\u00e4ren. Eine Herausforderung, mit der wir in Spanien konfrontiert sind, ist die Tatsache, dass viele Therapeuten nicht flie\u00dfend Englisch sprechen. Es w\u00e4re also unglaublich hilfreich, wenn es mehr ins Spanische \u00fcbersetzte Ressourcen g\u00e4be. <\/p>\n<h3 data-start=\"6186\" data-end=\"6253\">7. Wie hat <span class=\"notranslate\">Simons Searchlight<\/span> Sie und Ihre Gemeinde unterst\u00fctzt?<\/h3>\n<p data-start=\"6255\" data-end=\"6524\"><span class=\"notranslate\">Simons Searchlight<\/span> war die allererste Quelle, die wir nach Emmas Diagnose gefunden haben. Die Berichte, die Sie ver\u00f6ffentlichen, helfen uns zu verstehen, was wir erwarten k\u00f6nnen, wenn unsere Kinder heranwachsen, und welche Therapien wir vorrangig anwenden sollten. Sie sind ein unsch\u00e4tzbares Hilfsmittel f\u00fcr unsere Familie und unsere Gemeinschaft.  <\/p>\n<h3 data-start=\"6186\" data-end=\"6253\"><img loading=\"lazy\" decoding=\"async\" class=\"wp-image-63411 alignleft\" src=\"https:\/\/cdn.simonssearchlight.org\/wp-content\/uploads\/2025\/06\/09081931\/20240331_211414-768x1024.jpg\" alt=\"\" width=\"465\" height=\"620\" srcset=\"https:\/\/cdn.simonssearchlight.org\/wp-content\/uploads\/2025\/06\/09081931\/20240331_211414-768x1024.jpg 768w, https:\/\/cdn.simonssearchlight.org\/wp-content\/uploads\/2025\/06\/09081931\/20240331_211414-225x300.jpg 225w, https:\/\/cdn.simonssearchlight.org\/wp-content\/uploads\/2025\/06\/09081931\/20240331_211414-1152x1536.jpg 1152w, https:\/\/cdn.simonssearchlight.org\/wp-content\/uploads\/2025\/06\/09081931\/20240331_211414-1536x2048.jpg 1536w, https:\/\/cdn.simonssearchlight.org\/wp-content\/uploads\/2025\/06\/09081931\/20240331_211414-scaled.jpg 1920w\" sizes=\"(max-width: 465px) 100vw, 465px\" \/><\/h3>\n<h3 data-start=\"6526\" data-end=\"6583\">8. Was motiviert Sie als Eltern und Anw\u00e4lte?<\/h3>\n<p data-start=\"6585\" data-end=\"6696\"><strong>F\u00fcr mich pers\u00f6nlich lautet mein Mantra: &#8220;Mach das Beste aus jedem Tag.&#8221; Jeder Tag bringt neue Gelegenheiten, etwas zu bewirken <\/strong>.<\/p>\n<p data-start=\"6698\" data-end=\"6907\">Eine Botschaft, die uns als Gruppe sehr ber\u00fchrt, stammt von einer spanischen Organisation f\u00fcr seltene Krankheiten:<br data-start=\"6792\" data-end=\"6795\">&#8220;Unsere Familien mussten in die Berge statt an den Strand fahren &#8211; aber die Berge k\u00f6nnen noch sch\u00f6ner sein.&#8221;<\/p>\n<p data-start=\"6909\" data-end=\"7042\">Das fasst zusammen, wie wir uns f\u00fchlen. Wir feiern jeden Meilenstein, egal wie klein er ist &#8211; denn in unserer Gemeinschaft ist nichts selbstverst\u00e4ndlich. <\/p>\n<h3 data-start=\"7044\" data-end=\"7132\">9. Gibt es noch etwas, das Sie der <span class=\"notranslate\">Simons Searchlight<\/span> Community mitteilen m\u00f6chten?<\/h3>\n<p data-start=\"7134\" data-end=\"7308\">Von uns allen bei MED13L Espa\u00f1a senden wir allen Familien mit seltenen Krankheiten unsere besten W\u00fcnsche. Schauen Sie weiter nach vorne, seien Sie stolz darauf, wie weit Sie gekommen sind, und h\u00f6ren Sie nie auf, weiterzumachen! <\/p>\n<p data-start=\"7134\" data-end=\"7308\"><em><strong>Erfahren Sie mehr \u00fcber <a href=\"http:\/\/www.med13l.es\" target=\"_blank\" rel=\"noopener\">MED13L Espa\u00f1a<\/a>.<\/strong><\/em><\/p>\n","protected":false},"excerpt":{"rendered":"<p>Treffen Sie Mathijs, F\u00fcrsprecher und Mitbegr\u00fcnder von MED13L Espa\u00f1a.<\/p>\n","protected":false},"author":18,"featured_media":63421,"comment_status":"closed","ping_status":"closed","sticky":false,"template":"","format":"standard","meta":{"_acf_changed":false,"_relevanssi_hide_post":"","_relevanssi_hide_content":"","_relevanssi_pin_for_all":"","_relevanssi_pin_keywords":"","_relevanssi_unpin_keywords":"","_relevanssi_related_keywords":"","_relevanssi_related_include_ids":"","_relevanssi_related_exclude_ids":"","_relevanssi_related_no_append":"","_relevanssi_related_not_related":"","_relevanssi_related_posts":"","_relevanssi_noindex_reason":"","footnotes":""},"categories":[325,635],"tags":[],"acf":[],"_links":{"self":[{"href":"https:\/\/www.simonssearchlight.org\/de\/wp-json\/wp\/v2\/posts\/63458"}],"collection":[{"href":"https:\/\/www.simonssearchlight.org\/de\/wp-json\/wp\/v2\/posts"}],"about":[{"href":"https:\/\/www.simonssearchlight.org\/de\/wp-json\/wp\/v2\/types\/post"}],"author":[{"embeddable":true,"href":"https:\/\/www.simonssearchlight.org\/de\/wp-json\/wp\/v2\/users\/18"}],"replies":[{"embeddable":true,"href":"https:\/\/www.simonssearchlight.org\/de\/wp-json\/wp\/v2\/comments?post=63458"}],"version-history":[{"count":4,"href":"https:\/\/www.simonssearchlight.org\/de\/wp-json\/wp\/v2\/posts\/63458\/revisions"}],"predecessor-version":[{"id":64706,"href":"https:\/\/www.simonssearchlight.org\/de\/wp-json\/wp\/v2\/posts\/63458\/revisions\/64706"}],"wp:featuredmedia":[{"embeddable":true,"href":"https:\/\/www.simonssearchlight.org\/de\/wp-json\/wp\/v2\/media\/63421"}],"wp:attachment":[{"href":"https:\/\/www.simonssearchlight.org\/de\/wp-json\/wp\/v2\/media?parent=63458"}],"wp:term":[{"taxonomy":"category","embeddable":true,"href":"https:\/\/www.simonssearchlight.org\/de\/wp-json\/wp\/v2\/categories?post=63458"},{"taxonomy":"post_tag","embeddable":true,"href":"https:\/\/www.simonssearchlight.org\/de\/wp-json\/wp\/v2\/tags?post=63458"}],"curies":[{"name":"wp","href":"https:\/\/api.w.org\/{rel}","templated":true}]}}